{"id":12114,"date":"2026-04-29T15:55:04","date_gmt":"2026-04-29T13:55:04","guid":{"rendered":"https:\/\/theboardbarcelona.com\/?p=12114"},"modified":"2026-04-29T15:55:42","modified_gmt":"2026-04-29T13:55:42","slug":"sant-jordi-el-llibre-i-la-rosa-amb-nosaltres","status":"publish","type":"post","link":"https:\/\/theboardbarcelona.com\/en\/sant-jordi-el-llibre-i-la-rosa-amb-nosaltres\/","title":{"rendered":"Sant Jordi:\u00a0el\u00a0llibre\u00a0i la rosa\u00a0amb\u00a0nosaltres\u00a0"},"content":{"rendered":"\n<p>Cada 23\u00a0d\u2019abril, Catalunya celebra Sant Jordi\u00a0amb\u00a0llibres\u00a0i roses.\u00a0\u00c9s\u00a0una\u00a0tradici\u00f3\u00a0que\u00a0ens\u00a0recorda\u00a0que\u00a0els\u00a0gestos simples poden\u00a0tenir\u00a0un gran\u00a0significat.\u00a0Aquest\u00a0any, et\u00a0proposem\u00a0fer-ho\u00a0diferent\u00a0sense\u00a0perdre\u00a0l\u2019ess\u00e8ncia:\u00a0sorpr\u00e8n\u00a0amb\u00a0una taula de\u00a0formatges\u00a0i\u00a0embotits\u00a0de\u00a0The\u00a0Board\u00a0Barcelona, pensada per compartir i per\u00a0gaudir\u00a0de manera\u00a0elegant\u00a0i deliciosa.\u00a0<\/p>\n\n\n\n<p><strong>El de&nbsp;sempre,&nbsp;per\u00f2&nbsp;diferent<\/strong>&nbsp;<\/p>\n\n\n\n<p>No es tracta de&nbsp;trencar&nbsp;amb&nbsp;tot,&nbsp;sin\u00f3&nbsp;de reinterpretar la&nbsp;tradici\u00f3. Una rosa i un&nbsp;llibre&nbsp;poden&nbsp;conviure&nbsp;amb&nbsp;una taula gourmet plena de&nbsp;formatges&nbsp;pr\u00e8mium,&nbsp;embotits&nbsp;artesans&nbsp;i&nbsp;fruita&nbsp;fresca de temporada. El que&nbsp;abans&nbsp;era un&nbsp;detall&nbsp;visual es transforma ara en una&nbsp;experi\u00e8ncia&nbsp;per tastar i compartir.&nbsp;<\/p>\n\n\n\n<p>Les&nbsp;nostres&nbsp;taules&nbsp;arriben&nbsp;llestes&nbsp;per&nbsp;gaudir.&nbsp;Tot el que&nbsp;necessites&nbsp;\u00e9s&nbsp;obrir&nbsp;la&nbsp;caixa&nbsp;i&nbsp;deixar&nbsp;que la&nbsp;m\u00e0gia&nbsp;passi.&nbsp;<\/p>\n\n\n\n<p>Aquest&nbsp;Sant Jordi, fes que la&nbsp;tradici\u00f3&nbsp;tingui&nbsp;un&nbsp;toc&nbsp;nou:&nbsp;un&nbsp;gest&nbsp;que parla de cura, de&nbsp;proximitat&nbsp;i de&nbsp;gust&nbsp;refinat.&nbsp;Perqu\u00e8&nbsp;el que&nbsp;\u00e9s&nbsp;cl\u00e0ssic&nbsp;pot&nbsp;ser,&nbsp;alhora,&nbsp;extraordinari.&nbsp;<\/p>\n\n\n\n<p>&#8211;<\/p>\n\n\n\n<p><strong>Sant Jordi:&nbsp;The&nbsp;Book,&nbsp;the&nbsp;Rose\u2026 and&nbsp;Flavor<\/strong>&nbsp;<\/p>\n\n\n\n<p>Every\u00a0April 23rd,\u00a0Catalonia\u00a0celebrates\u00a0Sant Jordi\u00a0with\u00a0books\u00a0and roses  -a\u00a0tradition\u00a0that\u00a0reminds\u00a0us\u00a0that\u00a0the\u00a0simplest\u00a0gestures\u00a0can\u00a0leave\u00a0the\u00a0deepest\u00a0impression.\u00a0This\u00a0year,\u00a0why\u00a0not\u00a0reimagine\u00a0the\u00a0classic\u00a0gift?\u00a0Surprise\u00a0someone\u00a0with\u00a0a\u00a0cheese\u00a0and\u00a0charcuterie\u00a0Grazing Board\u00a0from\u00a0The\u00a0Board\u00a0Barcelona,\u00a0designed\u00a0to\u00a0be\u00a0shared\u00a0and\u00a0savored\u00a0in\u00a0an\u00a0elegant,\u00a0delicious\u00a0way.\u00a0<\/p>\n\n\n\n<p><strong>The&nbsp;Classic,&nbsp;Reimagined<\/strong>&nbsp;<\/p>\n\n\n\n<p>Tradition&nbsp;doesn\u2019t&nbsp;have&nbsp;to&nbsp;be&nbsp;predictable. A rose and a&nbsp;book&nbsp;can&nbsp;perfectly&nbsp;coexist&nbsp;with&nbsp;a gourmet board&nbsp;of&nbsp;premium&nbsp;cheeses,&nbsp;artisanal&nbsp;charcuterie, and&nbsp;fresh&nbsp;seasonal&nbsp;fruit.&nbsp;What&nbsp;once&nbsp;was&nbsp;just&nbsp;a visual token&nbsp;becomes&nbsp;a full&nbsp;sensory&nbsp;experience,&nbsp;inviting&nbsp;you&nbsp;to&nbsp;taste, share, and&nbsp;create&nbsp;memories.&nbsp;<\/p>\n\n\n\n<p>Our Grazing&nbsp;Boards arrive&nbsp;fully prepared, so all&nbsp;that\u2019s&nbsp;left is to open the box and let the magic unfold.&nbsp;&nbsp;<\/p>\n\n\n\n<p>This&nbsp;Sant Jordi,&nbsp;elevate&nbsp;the&nbsp;ritual.&nbsp;Choose&nbsp;a&nbsp;gesture&nbsp;that&nbsp;conveys&nbsp;care,&nbsp;attention, and&nbsp;refined&nbsp;taste.&nbsp;Because&nbsp;sometimes,&nbsp;the&nbsp;most&nbsp;timeless&nbsp;traditions&nbsp;are&nbsp;also&nbsp;the&nbsp;most&nbsp;memorable&nbsp;&#8211;&nbsp;especially&nbsp;when&nbsp;they&nbsp;can be&nbsp;tasted&nbsp;and&nbsp;shared.&nbsp;<\/p>\n\n\n\n<figure class=\"wp-block-gallery has-nested-images columns-default is-cropped wp-block-gallery-1 is-layout-flex wp-block-gallery-is-layout-flex\">\n<figure class=\"wp-block-image aligncenter size-large\"><img loading=\"lazy\" decoding=\"async\" width=\"682\" height=\"1024\" data-id=\"12117\" src=\"https:\/\/theboardbarcelona.com\/wp-content\/uploads\/2026\/04\/TheBoardBarcelona-Porcelanosa-1-682x1024.jpeg\" alt=\"\" class=\"wp-image-12117\" srcset=\"https:\/\/theboardbarcelona.com\/wp-content\/uploads\/2026\/04\/TheBoardBarcelona-Porcelanosa-1-682x1024.jpeg 682w, https:\/\/theboardbarcelona.com\/wp-content\/uploads\/2026\/04\/TheBoardBarcelona-Porcelanosa-1-200x300.jpeg 200w, https:\/\/theboardbarcelona.com\/wp-content\/uploads\/2026\/04\/TheBoardBarcelona-Porcelanosa-1-768x1153.jpeg 768w, https:\/\/theboardbarcelona.com\/wp-content\/uploads\/2026\/04\/TheBoardBarcelona-Porcelanosa-1-1023x1536.jpeg 1023w, https:\/\/theboardbarcelona.com\/wp-content\/uploads\/2026\/04\/TheBoardBarcelona-Porcelanosa-1-8x12.jpeg 8w, https:\/\/theboardbarcelona.com\/wp-content\/uploads\/2026\/04\/TheBoardBarcelona-Porcelanosa-1-800x1201.jpeg 800w, https:\/\/theboardbarcelona.com\/wp-content\/uploads\/2026\/04\/TheBoardBarcelona-Porcelanosa-1.jpeg 1066w\" sizes=\"auto, (max-width: 682px) 100vw, 682px\" \/><\/figure>\n<\/figure>\n","protected":false},"excerpt":{"rendered":"<p>Cada 23\u00a0d\u2019abril, Catalunya celebra Sant Jordi\u00a0amb\u00a0llibres\u00a0i roses.\u00a0\u00c9s\u00a0una\u00a0tradici\u00f3\u00a0que\u00a0ens\u00a0recorda\u00a0que\u00a0els\u00a0gestos simples poden\u00a0tenir\u00a0un gran\u00a0significat.\u00a0Aquest\u00a0any, et\u00a0proposem\u00a0fer-ho\u00a0diferent\u00a0sense\u00a0perdre\u00a0l\u2019ess\u00e8ncia:\u00a0sorpr\u00e8n\u00a0amb\u00a0una taula de\u00a0formatges\u00a0i\u00a0embotits\u00a0de\u00a0The\u00a0Board\u00a0Barcelona, pensada per compartir i per\u00a0gaudir\u00a0de manera\u00a0elegant\u00a0i deliciosa.\u00a0 El de&nbsp;sempre,&nbsp;per\u00f2&nbsp;diferent&nbsp; No es tracta de&nbsp;trencar&nbsp;amb&nbsp;tot,&nbsp;sin\u00f3&nbsp;de reinterpretar la&nbsp;tradici\u00f3. Una rosa i un&nbsp;llibre&nbsp;poden&nbsp;conviure&nbsp;amb&nbsp;una taula gourmet plena de&nbsp;formatges&nbsp;pr\u00e8mium,&nbsp;embotits&nbsp;artesans&nbsp;i&nbsp;fruita&nbsp;fresca de temporada. El que&nbsp;abans&nbsp;era un&nbsp;detall&nbsp;visual es transforma ara en una&nbsp;experi\u00e8ncia&nbsp;per tastar i compartir.&nbsp; Les&nbsp;nostres&nbsp;taules&nbsp;arriben&nbsp;llestes&nbsp;per&nbsp;gaudir.&nbsp;Tot el que&nbsp;necessites&nbsp;\u00e9s&nbsp;obrir&nbsp;la&nbsp;caixa&nbsp;i&nbsp;deixar&nbsp;que la&nbsp;m\u00e0gia&nbsp;passi.&nbsp; Aquest&nbsp;Sant Jordi, [&hellip;]<\/p>\n","protected":false},"author":1,"featured_media":12115,"comment_status":"open","ping_status":"open","sticky":false,"template":"","format":"standard","meta":{"footnotes":""},"categories":[1],"tags":[],"class_list":["post-12114","post","type-post","status-publish","format-standard","has-post-thumbnail","hentry","category-uncategorized"],"_links":{"self":[{"href":"https:\/\/theboardbarcelona.com\/en\/wp-json\/wp\/v2\/posts\/12114","targetHints":{"allow":["GET"]}}],"collection":[{"href":"https:\/\/theboardbarcelona.com\/en\/wp-json\/wp\/v2\/posts"}],"about":[{"href":"https:\/\/theboardbarcelona.com\/en\/wp-json\/wp\/v2\/types\/post"}],"author":[{"embeddable":true,"href":"https:\/\/theboardbarcelona.com\/en\/wp-json\/wp\/v2\/users\/1"}],"replies":[{"embeddable":true,"href":"https:\/\/theboardbarcelona.com\/en\/wp-json\/wp\/v2\/comments?post=12114"}],"version-history":[{"count":2,"href":"https:\/\/theboardbarcelona.com\/en\/wp-json\/wp\/v2\/posts\/12114\/revisions"}],"predecessor-version":[{"id":12118,"href":"https:\/\/theboardbarcelona.com\/en\/wp-json\/wp\/v2\/posts\/12114\/revisions\/12118"}],"wp:featuredmedia":[{"embeddable":true,"href":"https:\/\/theboardbarcelona.com\/en\/wp-json\/wp\/v2\/media\/12115"}],"wp:attachment":[{"href":"https:\/\/theboardbarcelona.com\/en\/wp-json\/wp\/v2\/media?parent=12114"}],"wp:term":[{"taxonomy":"category","embeddable":true,"href":"https:\/\/theboardbarcelona.com\/en\/wp-json\/wp\/v2\/categories?post=12114"},{"taxonomy":"post_tag","embeddable":true,"href":"https:\/\/theboardbarcelona.com\/en\/wp-json\/wp\/v2\/tags?post=12114"}],"curies":[{"name":"wp","href":"https:\/\/api.w.org\/{rel}","templated":true}]}}